{"id":30693,"date":"2025-06-11T06:40:10","date_gmt":"2025-06-11T06:40:10","guid":{"rendered":"https:\/\/www.banneke.com\/blog\/?p=30693"},"modified":"2025-06-11T06:40:11","modified_gmt":"2025-06-11T06:40:11","slug":"spanischer-rotwein-von-trocken-bis-lieblich","status":"publish","type":"post","link":"https:\/\/www.banneke.com\/blog\/spanischer-rotwein-von-trocken-bis-lieblich\/","title":{"rendered":"Spanischer Rotwein \u2013 Von trocken bis lieblich"},"content":{"rendered":"\n<p style=\"text-align: justify;\"><a name=\"anfang\"><\/a><\/p>\n\n\n\n<p>Von Navarra \u00fcber La Rioja hin zu Ribera del Duero bis nach Murica und zu den Balearen \u2013 <a href=\"https:\/\/www.banneke.com\/weine\/spanien.html?farbe=41\" target=\"_blank\" rel=\"noreferrer noopener\"><strong>Spanischer Rotwein<\/strong><\/a> entsteht \u00fcberall in Spanien und variiert geschmacklich Dank <strong>der Vielfalt der angebauten Sorten<\/strong> und Regionen stark. Vom bekannten und beliebten Tempranillo \u00fcber Cabernet Sauvignon bis hin zu Grenache finden <strong>mehr als 250 Rebsorten<\/strong> auf den sonnenbefangenen H\u00e4ngen des Landes ihren Platz. Sie werden in verschiedenen Bodegas auf eigene Art gekeltert, sodass kein Wein dem anderen gleicht. Gesetze stellen ein <strong>Qualit\u00e4tssystem<\/strong> sicher, welches nicht nur <strong>Qualit\u00e4tsstufen<\/strong> kennt, sondern auch <strong>gesch\u00fctzte<\/strong> <strong>Ursprungsbezeichnungen<\/strong> beinhaltet.<\/p>\n\n\n\n<p>Weltweit besonders beliebt: <strong>Trockener spanischer Rotwein<\/strong>. Doch auch f\u00fcr <strong>halbtrockenen und lieblichen spanischen Rotwein<\/strong> haben wir Optionen in unserem Sortiment gefunden, wenngleich auch nicht im selben Ausma\u00dfe.<\/p>\n\n\n\n<p>Viel Spa\u00df beim St\u00f6bern!<\/p>\n\n\n\n<ul class=\"wp-block-list\">\n<li><a href=\"#1\"><strong>Trockener Spanischer Rotwein<\/strong><\/a>\n<ul class=\"wp-block-list\">\n<li><strong><a href=\"#2\">Ardal Seleccion Especial<\/a><\/strong><\/li>\n\n\n\n<li><strong><a href=\"#3\">Coto de Imaz Reserva Rioja<\/a><\/strong><\/li>\n\n\n\n<li><strong><a href=\"#4\">Biniagual Veran Negre<\/a><\/strong><\/li>\n\n\n\n<li><strong><a href=\"#5\">Marques de Riscal Reserva<\/a><\/strong><\/li>\n<\/ul>\n<\/li>\n\n\n\n<li><a href=\"#6\"><strong>Halbtrockener Spanischer Rotwein<\/strong><\/a>\n<ul class=\"wp-block-list\">\n<li><strong><a href=\"#7\">Bodegas Agronavarra Pleno Tinto Semi-Dry<\/a><\/strong><\/li>\n\n\n\n<li><strong><a href=\"#8\">Casa Carmela Semi-Dulce<\/a><\/strong><\/li>\n<\/ul>\n<\/li>\n\n\n\n<li><strong><a href=\"#9\">Lieblicher Spanischer Rotwein<\/a><\/strong>\n<ul class=\"wp-block-list\">\n<li><strong><a href=\"#10\">Casa Carmela Dulce Tinto<\/a><\/strong><\/li>\n<\/ul>\n<\/li>\n<\/ul>\n\n\n\n<hr class=\"wp-block-separator has-alpha-channel-opacity\"\/>\n\n\n\n<a name=\"1\"><\/a>\n\n\n\n<h2 class=\"wp-block-heading\"><strong>Trockener Spanischer Rotwein<\/strong><\/h2>\n\n\n\n<a name=\"2\"><\/a>\n\n\n\n<h3 class=\"wp-block-heading\"><strong><a href=\"https:\/\/www.banneke.com\/ardal-seleccion-especial-0-75.html\" target=\"_blank\" rel=\"noreferrer noopener\">Ardal Seleccion Especial<\/a><\/strong><\/h3>\n\n\n<div class=\"wp-block-image\">\n<figure class=\"alignright size-thumbnail\"><a href=\"https:\/\/www.banneke.com\/ardal-seleccion-especial-0-75.html\" target=\"_blank\" rel=\" noreferrer noopener\"><img loading=\"lazy\" decoding=\"async\" width=\"150\" height=\"150\" src=\"https:\/\/www.banneke.com\/blog\/wp-content\/uploads\/2025\/06\/Ardal-Seleccion-Especial-150x150.webp\" alt=\"Ardal Seleccion Especial\" class=\"wp-image-30694\" srcset=\"https:\/\/www.banneke.com\/blog\/wp-content\/uploads\/2025\/06\/Ardal-Seleccion-Especial-150x150.webp 150w, https:\/\/www.banneke.com\/blog\/wp-content\/uploads\/2025\/06\/Ardal-Seleccion-Especial-300x300.webp 300w, https:\/\/www.banneke.com\/blog\/wp-content\/uploads\/2025\/06\/Ardal-Seleccion-Especial.webp 500w\" sizes=\"auto, (max-width: 150px) 100vw, 150px\" \/><\/a><\/figure>\n<\/div>\n\n\n<p>Der <strong>Ardal Seleccion Especial<\/strong> ist ein besonders hochwertiger und einzigartiger Wein aus den historischen Weinbergen der Ribera del Duero. Die Trauben f\u00fcr diesen Wein werden teilweise von <strong>65 Jahre<\/strong> alten Reben getragen, ehe sie 24 Monate in Eichenf\u00e4ssern zu Wein heranreifen.<\/p>\n\n\n\n<p>Die <strong>Harmonie<\/strong> aus Tempranillo und Cabernet Sauvignon bringt Struktur und Tiefe und offenbart ein Bouquet aus reifen <strong>Brombeeren, Johannisbeeren und vanilligen Noten<\/strong>. Die dichte Tanninstruktur und ein langanhaltender, gen\u00fcsslicher Abgang sind ein besonderes Qualit\u00e4tsmerkmal. Im Glas zeigt sich dieser ausgezeichnete <strong>spanische Rotwein<\/strong> in einem dunkle Rubinrot mit br\u00e4unlichen Reflexen.<\/p>\n\n\n\n<p>Dieser intensive Wein eignet sich als Solist aber auch als Begleiter zu einem guten Steak, Wild oder Lamm. Die <strong>optimale Trinktemperatur<\/strong> betr\u00e4gt 18 \u00b0C.<\/p>\n\n\n\n<p style=\"text-align: right;\"><strong><a href=\"#anfang\">Zur \u00dcbersicht<\/a><\/strong><\/p>\n\n\n\n<hr class=\"wp-block-separator has-alpha-channel-opacity\"\/>\n\n\n\n<a name=\"3\"><\/a>\n\n\n\n<h3 class=\"wp-block-heading\"><strong><a href=\"https:\/\/www.banneke.com\/coto-de-imaz-reserva-rioja-doc-0-75.html\" target=\"_blank\" rel=\"noreferrer noopener\">Coto de Imaz Reserva Rioja<\/a><\/strong><\/h3>\n\n\n<div class=\"wp-block-image\">\n<figure class=\"alignleft size-thumbnail\"><a href=\"https:\/\/www.banneke.com\/coto-de-imaz-reserva-rioja-doc-0-75.html\" target=\"_blank\" rel=\" noreferrer noopener\"><img loading=\"lazy\" decoding=\"async\" width=\"150\" height=\"150\" src=\"https:\/\/www.banneke.com\/blog\/wp-content\/uploads\/2025\/06\/Coto-de-Imaz-Reserva-Rioja-DOC-150x150.webp\" alt=\"Coto de Imaz Reserva Rioja DOC\" class=\"wp-image-30695\" srcset=\"https:\/\/www.banneke.com\/blog\/wp-content\/uploads\/2025\/06\/Coto-de-Imaz-Reserva-Rioja-DOC-150x150.webp 150w, https:\/\/www.banneke.com\/blog\/wp-content\/uploads\/2025\/06\/Coto-de-Imaz-Reserva-Rioja-DOC-300x300.webp 300w, https:\/\/www.banneke.com\/blog\/wp-content\/uploads\/2025\/06\/Coto-de-Imaz-Reserva-Rioja-DOC.webp 500w\" sizes=\"auto, (max-width: 150px) 100vw, 150px\" \/><\/a><\/figure>\n<\/div>\n\n\n<p>Dieser trockene spanische Rotwein aus <strong>La Rioja<\/strong>, dem bedeutendsten Weinanbaugebiet Spaniens und einem der <strong>traditionellsten Weinanbaugebiete<\/strong> der Welt, wird aus der Tempranillo-Rebe gewonnen. Diese zeichnet sich durch intensive Farben, <strong>weiche Tannine, fruchtige Aromen und m\u00e4\u00dfige S\u00e4ure<\/strong> aus.<\/p>\n\n\n\n<p>Nach dem Herstellungsprozess reift der Coto de Imaz Reserva 18 Monate lang in Barriquef\u00e4ssern aus amerikanischer Eiche; anschlie\u00dfend drei Jahre in der Flasche. Dadurch entsteht ein Wein mit intensiven <strong>Noten von Schwarzkirsche, Brombeere, Lakritz und Kakao<\/strong>. Er \u00fcberzeugt mit einer m\u00e4\u00dfigen S\u00e4ure und einem langen Abgang. Im Glas pr\u00e4sentiert sich dieser spanische Rotwein in einer kirschroten Farbe und spiegelt damit die <strong>Intensit\u00e4t <\/strong>seines Geschmacks auch optisch wider.<\/p>\n\n\n\n<p>Der Coto de Imaz Reserva passt besonders gut zu rotem Fleisch und sollte vor dem Trinken auf 16-18 \u00b0C Grad temperiert werden.<\/p>\n\n\n\n<p style=\"text-align: right;\"><strong><a href=\"#anfang\">Zur \u00dcbersicht<\/a><\/strong><\/p>\n\n\n\n<hr class=\"wp-block-separator has-alpha-channel-opacity\"\/>\n\n\n\n<a name=\"4\"><\/a>\n\n\n\n<h3 class=\"wp-block-heading\"><strong><a href=\"https:\/\/www.banneke.com\/biniagual-veran-negre-0-75.html\" target=\"_blank\" rel=\"noreferrer noopener\">Biniagual Veran Negre<\/a><\/strong><\/h3>\n\n\n<div class=\"wp-block-image\">\n<figure class=\"alignright size-thumbnail\"><a href=\"https:\/\/www.banneke.com\/biniagual-veran-negre-0-75.html\" target=\"_blank\" rel=\" noreferrer noopener\"><img loading=\"lazy\" decoding=\"async\" width=\"150\" height=\"150\" src=\"https:\/\/www.banneke.com\/blog\/wp-content\/uploads\/2025\/06\/Biniagual-Veran-Negre-150x150.webp\" alt=\"Biniagual Veran Negre\" class=\"wp-image-30696\" srcset=\"https:\/\/www.banneke.com\/blog\/wp-content\/uploads\/2025\/06\/Biniagual-Veran-Negre-150x150.webp 150w, https:\/\/www.banneke.com\/blog\/wp-content\/uploads\/2025\/06\/Biniagual-Veran-Negre-300x300.webp 300w, https:\/\/www.banneke.com\/blog\/wp-content\/uploads\/2025\/06\/Biniagual-Veran-Negre.webp 500w\" sizes=\"auto, (max-width: 150px) 100vw, 150px\" \/><\/a><\/figure>\n<\/div>\n\n\n<p>Der <strong>Biniagual Negre<\/strong> aus dem Jahr 2021 ist eine perfekte Cuv\u00e9e aus der mallorquinischen Rebsorte Manto-Negro mit den bekannten Sorten<strong> Cabernet Sauvignon und Syrah.<\/strong> Dadurch entsteht ein am Gaumen<strong> <\/strong>sanfter und leichter Wein mit dem Anklang vieler roter Fr\u00fcchte. Er <strong>reift 15 Monate<\/strong> in einem Barriqueausbau und ist bis 2029 lagerf\u00e4hig.<\/p>\n\n\n\n<p>Seine dunkelrote Farbe macht diesen spanischen Rotwein bereits beim Einschenken zu einem optischen Highlight. Er \u00fcberzeugt mit <strong>Fruchtnoten <\/strong>von <strong>Schwarzkirsche und Pflaume<\/strong> sowie subtilen Noten von <strong>Tabak, Lakritz und Haselnuss<\/strong>. S\u00e4ure ist vorhanden, aber eher mild.<\/p>\n\n\n\n<p>Er passt zu hellem wie dunklem Fleisch und gereiftem K\u00e4se und schmeckt am besten bei einer Temperatur von 16-18 \u00b0C Grad.<\/p>\n\n\n\n<p style=\"text-align: right;\"><strong><a href=\"#anfang\">Zur \u00dcbersicht<\/a><\/strong><\/p>\n\n\n\n<hr class=\"wp-block-separator has-alpha-channel-opacity\"\/>\n\n\n\n<a name=\"5\"><\/a>\n\n\n\n<h3 class=\"wp-block-heading\"><strong><a href=\"https:\/\/www.banneke.com\/marques-de-riscal-reserva-0-75.html\" target=\"_blank\" rel=\"noreferrer noopener\">Marques de Riscal Reserva<\/a><\/strong><\/h3>\n\n\n<div class=\"wp-block-image\">\n<figure class=\"alignleft size-thumbnail\"><a href=\"https:\/\/www.banneke.com\/marques-de-riscal-reserva-0-75.html\" target=\"_blank\" rel=\" noreferrer noopener\"><img loading=\"lazy\" decoding=\"async\" width=\"150\" height=\"150\" src=\"https:\/\/www.banneke.com\/blog\/wp-content\/uploads\/2025\/06\/Marques-de-Riscal-Reserva-150x150.webp\" alt=\"Marques de Riscal Reserva\" class=\"wp-image-30697\" srcset=\"https:\/\/www.banneke.com\/blog\/wp-content\/uploads\/2025\/06\/Marques-de-Riscal-Reserva-150x150.webp 150w, https:\/\/www.banneke.com\/blog\/wp-content\/uploads\/2025\/06\/Marques-de-Riscal-Reserva-300x300.webp 300w, https:\/\/www.banneke.com\/blog\/wp-content\/uploads\/2025\/06\/Marques-de-Riscal-Reserva.webp 500w\" sizes=\"auto, (max-width: 150px) 100vw, 150px\" \/><\/a><\/figure>\n<\/div>\n\n\n<p>Auch der <strong>Marques de Riscal<\/strong> aus Rioja verwendet die Trauben der beliebten Tempranillo-Reben. Seinen Geschmack und seine Farbe verdankt er zu <strong>90 %<\/strong> dieser <strong>Rebsorte<\/strong>, je zu <strong>5% Graciano- und Mazuelo-Trauben.<\/strong> Der spanische Rotwein wird nach schonender Pressung und <strong>zwei-w\u00f6chiger G\u00e4rung<\/strong> mindestens zwei Jahre in amerikanischen Wei\u00dfeichefass gelagert.<\/p>\n\n\n\n<p>Das Endprodukt ist ein leicht fruchtiger, aber ebenso w\u00fcrziger Wein mit<strong> Noten von Schwarzkirsche, Eukalyptus und mediterranen Kr\u00e4utern.<\/strong> Am Gaumen zeigt er sich voll und samtig mit sanften Tanninen; im langen Abgang begleitet ihn ein eher frischer Nachhall.<\/p>\n\n\n\n<p>Auch dieser Vertreter spanischen Rotweins macht sich bei einer Temperatur von 16-18 \u00b0C Grad gut zu Lamm und Rind. Aufgrund seines Lagerpotenziales muss er nicht direkt verzehrt werden, sondern darf auch gerne noch einige Jahre im Weinkeller verbringen.<\/p>\n\n\n\n<p style=\"text-align: right;\"><strong><a href=\"#anfang\">Zur \u00dcbersicht<\/a><\/strong><\/p>\n\n\n\n<hr class=\"wp-block-separator has-alpha-channel-opacity\"\/>\n\n\n\n<a name=\"6\"><\/a>\n\n\n\n<h2 class=\"wp-block-heading\"><strong>Halbtrockener Spanischer Rotwein<\/strong><\/h2>\n\n\n\n<a name=\"7\"><\/a>\n\n\n\n<h3 class=\"wp-block-heading\"><a href=\"https:\/\/www.banneke.com\/bodegas-agronavarra-pleno-tinto-semi-dry-0-75.html\" target=\"_blank\" rel=\"noreferrer noopener\"><strong>Bodegas Agronavarra Pleno Tinto Semi-Dry<\/strong><\/a><\/h3>\n\n\n<div class=\"wp-block-image\">\n<figure class=\"alignright size-thumbnail\"><a href=\"https:\/\/www.banneke.com\/bodegas-agronavarra-pleno-tinto-semi-dry-0-75.html\" target=\"_blank\" rel=\" noreferrer noopener\"><img loading=\"lazy\" decoding=\"async\" width=\"150\" height=\"150\" src=\"https:\/\/www.banneke.com\/blog\/wp-content\/uploads\/2025\/06\/Bodegas-Agronavarra-Pleno-Tinto-Semi-Dry-150x150.webp\" alt=\"Bodegas Agronavarra Pleno Tinto Semi-Dry \" class=\"wp-image-30698\" srcset=\"https:\/\/www.banneke.com\/blog\/wp-content\/uploads\/2025\/06\/Bodegas-Agronavarra-Pleno-Tinto-Semi-Dry-150x150.webp 150w, https:\/\/www.banneke.com\/blog\/wp-content\/uploads\/2025\/06\/Bodegas-Agronavarra-Pleno-Tinto-Semi-Dry-300x300.webp 300w, https:\/\/www.banneke.com\/blog\/wp-content\/uploads\/2025\/06\/Bodegas-Agronavarra-Pleno-Tinto-Semi-Dry.webp 500w\" sizes=\"auto, (max-width: 150px) 100vw, 150px\" \/><\/a><\/figure>\n<\/div>\n\n\n<p>Der <strong>Bodegas Agronavarra Pleno Tinto Demi-Dry<\/strong> aus der Navarra entsteht aus der typisch spanischen Tempranillo-Rebe. Im Glas pr\u00e4sentiert er sich wie viele seiner Mitstreiter in einem intensiven Rubinrot.<\/p>\n\n\n\n<p><strong>Aromatisch <\/strong>\u00fcberzeugt dieser halbtrockene spanische Rotwein durch sein klaren Aroma: Fruchtbetont mit <strong>frischer S\u00fc\u00dfe <\/strong>und gut eingebundener S\u00e4ure. Der Geschmack erinnert an <strong>Schwarzkirschen, Pflaumen und Johannisbeeren.<\/strong> Im Mund pr\u00e4sentiert sich der Pleno Tinto Semi-Dry seidig-weich und vollmundig.<\/p>\n\n\n\n<p>Auch dieser Wein bevorzugt eine Trinktemperatur von 16 \u00b0C. Er eignet sich hervorragend als Begleiter f\u00fcr rustikale Gerichte wie Krustenbraten, Steaks vom Grill oder deftigen Rippchen.<\/p>\n\n\n\n<p style=\"text-align: right;\"><strong><a href=\"#anfang\">Zur \u00dcbersicht<\/a><\/strong><\/p>\n\n\n\n<hr class=\"wp-block-separator has-alpha-channel-opacity\"\/>\n\n\n\n<a name=\"8\"><\/a>\n\n\n\n<h3 class=\"wp-block-heading\"><strong><a href=\"https:\/\/www.banneke.com\/casa-carmela-semi-dulce-0-75.html\" target=\"_blank\" rel=\"noreferrer noopener\">Casa Carmela Semi-Dulce<\/a><\/strong><\/h3>\n\n\n<div class=\"wp-block-image\">\n<figure class=\"alignleft size-thumbnail\"><a href=\"https:\/\/www.banneke.com\/casa-carmela-semi-dulce-0-75.html\" target=\"_blank\" rel=\" noreferrer noopener\"><img loading=\"lazy\" decoding=\"async\" width=\"150\" height=\"150\" src=\"https:\/\/www.banneke.com\/blog\/wp-content\/uploads\/2025\/06\/Casa-Carmela-Semi-Dulce-150x150.webp\" alt=\"Casa Carmela Semi-Dulce \" class=\"wp-image-30699\" srcset=\"https:\/\/www.banneke.com\/blog\/wp-content\/uploads\/2025\/06\/Casa-Carmela-Semi-Dulce-150x150.webp 150w, https:\/\/www.banneke.com\/blog\/wp-content\/uploads\/2025\/06\/Casa-Carmela-Semi-Dulce-300x300.webp 300w, https:\/\/www.banneke.com\/blog\/wp-content\/uploads\/2025\/06\/Casa-Carmela-Semi-Dulce.webp 500w\" sizes=\"auto, (max-width: 150px) 100vw, 150px\" \/><\/a><\/figure>\n<\/div>\n\n\n<p>Im <strong>S\u00fcdosten Spaniens<\/strong> wachsen im Anbaugebiet Yecla die Reben f\u00fcr den <strong>Casa Carmela Semi-Dulce. <\/strong>Die Bodega Casta\u00f1o kreiert aus einer Cuv\u00e9e der Monastrell- und Garnacha-Trauben einen <strong>Hochgenuss<\/strong>, der abseits der sonst so bekannten Trockenheit spanischer Rotweine existiert.<\/p>\n\n\n\n<p>Leicht s\u00fc\u00df verf\u00fchrt der <strong>Geschmack <\/strong>nach<strong> Schattenmorellen, Heidelbeeren und Brombeeren den Gaumen<\/strong>, aber auch die <strong>pfeffrigen Noten<\/strong> des Monastrell finden den Weg an die Geschmacksknospen und verhindern, dass dieser Wein zu lieblich wird. Im Mund eher weich und geschmeidig, zeigt sich der <strong>Carmela Semi-Dulce <\/strong>im Abgang angenehm w\u00fcrzig.<\/p>\n\n\n\n<p>Dieser halbtrockene spanische Rotwein eignet sich wunderbar als Solist an einem ruhigen Abend, darf aber auch gerne zu zartem Lamm oder K\u00e4se serviert werden \u2013 ein perfekter Begleiter f\u00fcr ein Picknick. Die empfohlene Trinktemperatur liegt zwischen 14\u00b0-16\u00b0 C.<\/p>\n\n\n\n<p style=\"text-align: right;\"><strong><a href=\"#anfang\">Zur \u00dcbersicht<\/a><\/strong><\/p>\n\n\n\n<hr class=\"wp-block-separator has-alpha-channel-opacity\"\/>\n\n\n\n<a name=\"9\"><\/a>\n\n\n\n<h2 class=\"wp-block-heading\"><strong>Lieblicher spanischer Rotwein<\/strong><\/h2>\n\n\n\n<a name=\"10\"><\/a>\n\n\n\n<h3 class=\"wp-block-heading\"><strong><a href=\"https:\/\/www.banneke.com\/casa-carmela-dulce-tinto-0-75.html\" target=\"_blank\" rel=\"noreferrer noopener\">Casa Carmela Dulce Tinto<\/a><\/strong><\/h3>\n\n\n<div class=\"wp-block-image\">\n<figure class=\"alignright size-thumbnail\"><a href=\"https:\/\/www.banneke.com\/casa-carmela-dulce-tinto-0-75.html\" target=\"_blank\" rel=\" noreferrer noopener\"><img loading=\"lazy\" decoding=\"async\" width=\"150\" height=\"150\" src=\"https:\/\/www.banneke.com\/blog\/wp-content\/uploads\/2025\/06\/Casa-Carmela-Dulce-Tinto-150x150.webp\" alt=\"Casa Carmela Dulce Tinto\" class=\"wp-image-30700\" srcset=\"https:\/\/www.banneke.com\/blog\/wp-content\/uploads\/2025\/06\/Casa-Carmela-Dulce-Tinto-150x150.webp 150w, https:\/\/www.banneke.com\/blog\/wp-content\/uploads\/2025\/06\/Casa-Carmela-Dulce-Tinto-300x300.webp 300w, https:\/\/www.banneke.com\/blog\/wp-content\/uploads\/2025\/06\/Casa-Carmela-Dulce-Tinto.webp 500w\" sizes=\"auto, (max-width: 150px) 100vw, 150px\" \/><\/a><\/figure>\n<\/div>\n\n\n<p>Mit dem<strong> Carmelia Dulce Tinto<\/strong> wagt sich die Bodega Casta\u00f1o noch weiter aus dem Regime des trockenen spanischen Rotweins heraus und kreiert einen lieblichen spanischen Rotwein aus einer Cuv\u00e9e von <strong>Monastrell-Trauben<\/strong> und der saftigen <strong>Syrah-Traube<\/strong>.<\/p>\n\n\n\n<p>Es entsteht ein im Glas dunkelroter Wein, der am Gaumen besonders fruchtige Aromen zeigt, im Abgang aber immer noch leicht <strong>w\u00fcrzige Noten <\/strong>mit sich tr\u00e4gt. Die Cuv\u00e9e der beiden bekannten Trauben kreiert einen vollmundigen Geschmack nach <strong>Kirsche, Cassis und Erdbeeren.<\/strong><\/p>\n\n\n\n<p>Dieser liebliche spanische Rotwein eignet sich hervorragend zu Desserts wie Schokoladenkuchen, spielt aber auch zu einer Verkostung mit edlem Schimmelk\u00e4se den perfekten Begleiter. Die ideale Trinktemperatur liegt bei 14 &#8211; 16 \u00b0C.<\/p>\n\n\n\n<p style=\"text-align: right;\"><strong><a href=\"#anfang\">Zur \u00dcbersicht<\/a><\/strong><\/p>\n\n\n\n<hr class=\"wp-block-separator has-alpha-channel-opacity\"\/>\n\n\n\n<p>Lust auf <strong>Rotweine <\/strong>aus anderen Teilen der Welt? In unseren Blogbeitr\u00e4gen zu <a href=\"https:\/\/www.banneke.com\/blog\/franzoesischer-wein\/\" target=\"_blank\" rel=\"noreferrer noopener\"><strong>franz\u00f6sischen<\/strong><\/a>, <a href=\"https:\/\/www.banneke.com\/blog\/portugiesischer-wein-unser-geheimtipp-fuer-den-sommer\/\" target=\"_blank\" rel=\"noreferrer noopener\"><strong>portugiesischen<\/strong><\/a>, <a href=\"https:\/\/www.banneke.com\/blog\/das-weinland-italien\/\" target=\"_blank\" rel=\"noreferrer noopener\"><strong>italienischen<\/strong><\/a> und <a href=\"https:\/\/www.banneke.com\/blog\/deutscher-wein\/\" target=\"_blank\" rel=\"noreferrer noopener\"><strong>deutschen<\/strong><\/a> Weinen findest du sowohl<strong> Wei\u00df- als auch Rotweinempfehlungen<\/strong>. Nat\u00fcrlich gibt\u2019s auch Ausfl\u00fcge in andere Welten des Weins: <a href=\"https:\/\/www.banneke.com\/blog\/portwein-fuenf-sorten-die-jeder-kennen-sollte\/\" target=\"_blank\" rel=\"noreferrer noopener\"><strong>Portwein<\/strong><\/a>, <a href=\"https:\/\/www.banneke.com\/blog\/dessertwein-edelsuesse-verfuehrung\/\" target=\"_blank\" rel=\"noreferrer noopener\"><strong>Dessertwein<\/strong><\/a> und <a href=\"https:\/\/www.banneke.com\/blog\/der-beste-wein-fuer-gluehwein\/\" target=\"_blank\" rel=\"noreferrer noopener\"><strong>Gl\u00fchwein<\/strong><\/a>! Und zu guter Letzt verraten wir dir auch gerne, wie du deine neu erworbenen Sch\u00e4tze <a href=\"https:\/\/www.banneke.com\/blog\/wein-richtig-lagern\/\" target=\"_blank\" rel=\"noreferrer noopener\"><strong>richtig lagern<\/strong><\/a> kannst.<\/p>\n\n\n\n<p>In unseren Blog findest du auch zu anderen Spirituosen <strong>Empfehlungen<\/strong> und hilfreiche <strong>Informationen<\/strong>, sowie allerlei Rezepte.<strong> Hilfe bei der Zubereitung<\/strong> deiner Lieblingsrezepte und <strong>neuer Cocktailkreationen<\/strong> findest du rund um die Uhr in unserer <a href=\"https:\/\/www.youtube.com\/user\/Schuettelschule\" target=\"_blank\" rel=\"noreferrer noopener\"><strong>Sch\u00fcttelschule<\/strong><\/a> auf Youtube. Die <strong>Zutaten <\/strong>daf\u00fcr kannst du jederzeit in unserem <a href=\"https:\/\/www.banneke.com\/\" target=\"_blank\" rel=\"noreferrer noopener\"><strong>Onlineshop <\/strong><\/a>bestellen oder in der <strong>Essener Innenstadt<\/strong> in unserem <a href=\"https:\/\/maps.app.goo.gl\/Sy3G2EKDzSciqiG59\" target=\"_blank\" rel=\"noreferrer noopener\"><strong>Ladengesch\u00e4ft <\/strong><\/a>erwerben. Unsere Kollegen beraten dich gerne!<\/p>\n\n\n\n<p><strong>CHEERS!<\/strong><\/p>\n\n\n\n<p>Dein Banneke Team<\/p>\n","protected":false},"excerpt":{"rendered":"<p>Von Navarra \u00fcber La Rioja hin zu Ribera del Duero bis nach Murica und zu den Balearen \u2013 Spanischer Rotwein entsteht \u00fcberall in Spanien und variiert geschmacklich Dank der Vielfalt der angebauten Sorten und Regionen stark. Vom bekannten und beliebten Tempranillo \u00fcber Cabernet Sauvignon bis hin zu Grenache finden mehr als 250 Rebsorten auf den [&hellip;]<\/p>\n","protected":false},"author":7,"featured_media":30702,"comment_status":"closed","ping_status":"closed","sticky":false,"template":"","format":"standard","meta":{"footnotes":""},"categories":[684,756,1,247],"tags":[13,12,123],"class_list":["post-30693","post","type-post","status-publish","format-standard","has-post-thumbnail","hentry","category-bannekes-blog","category-rotwein","category-allgemein","category-wein-sekt","tag-banneke","tag-bannekes-blog","tag-wein"],"yoast_head":"<!-- This site is optimized with the Yoast SEO plugin v27.4 - https:\/\/yoast.com\/product\/yoast-seo-wordpress\/ -->\n<title>Spanischer Rotwein \u2013 Von trocken bis lieblich - Banneke<\/title>\n<meta name=\"description\" content=\"Entdecke die Vielfalt spanischer Rotweine. Von kr\u00e4ftig trocken bis verf\u00fchrerisch lieblich. Erfahre, was sie auszeichnet und welcher Wein zu deinem Geschmack passt!\" \/>\n<meta name=\"robots\" content=\"index, follow, max-snippet:-1, max-image-preview:large, max-video-preview:-1\" \/>\n<link rel=\"canonical\" href=\"https:\/\/www.banneke.com\/blog\/spanischer-rotwein-von-trocken-bis-lieblich\/\" \/>\n<meta property=\"og:locale\" content=\"de_DE\" \/>\n<meta property=\"og:type\" content=\"article\" \/>\n<meta property=\"og:title\" content=\"Spanischer Rotwein \u2013 Von trocken bis lieblich - Banneke\" \/>\n<meta property=\"og:description\" content=\"Entdecke die Vielfalt spanischer Rotweine. Von kr\u00e4ftig trocken bis verf\u00fchrerisch lieblich. Erfahre, was sie auszeichnet und welcher Wein zu deinem Geschmack passt!\" \/>\n<meta property=\"og:url\" content=\"https:\/\/www.banneke.com\/blog\/spanischer-rotwein-von-trocken-bis-lieblich\/\" \/>\n<meta property=\"og:site_name\" content=\"Banneke\" \/>\n<meta property=\"article:published_time\" content=\"2025-06-11T06:40:10+00:00\" \/>\n<meta property=\"article:modified_time\" content=\"2025-06-11T06:40:11+00:00\" \/>\n<meta property=\"og:image\" content=\"https:\/\/www.banneke.com\/blog\/wp-content\/uploads\/2025\/06\/Banneke_Blog_Spanischer_Rotwein.jpg\" \/>\n\t<meta property=\"og:image:width\" content=\"710\" \/>\n\t<meta property=\"og:image:height\" content=\"473\" \/>\n\t<meta property=\"og:image:type\" content=\"image\/jpeg\" \/>\n<meta name=\"author\" content=\"Banneke\" \/>\n<meta name=\"twitter:card\" content=\"summary_large_image\" \/>\n<meta name=\"twitter:label1\" content=\"Verfasst von\" \/>\n\t<meta name=\"twitter:data1\" content=\"Banneke\" \/>\n\t<meta name=\"twitter:label2\" content=\"Gesch\u00e4tzte Lesezeit\" \/>\n\t<meta name=\"twitter:data2\" content=\"8\u00a0Minuten\" \/>\n<script type=\"application\/ld+json\" class=\"yoast-schema-graph\">{\"@context\":\"https:\\\/\\\/schema.org\",\"@graph\":[{\"@type\":\"Article\",\"@id\":\"https:\\\/\\\/www.banneke.com\\\/blog\\\/spanischer-rotwein-von-trocken-bis-lieblich\\\/#article\",\"isPartOf\":{\"@id\":\"https:\\\/\\\/www.banneke.com\\\/blog\\\/spanischer-rotwein-von-trocken-bis-lieblich\\\/\"},\"author\":{\"name\":\"Banneke\",\"@id\":\"https:\\\/\\\/www.banneke.com\\\/blog\\\/#\\\/schema\\\/person\\\/d21e76b6a755d4a0f85b713259ca1d09\"},\"headline\":\"Spanischer Rotwein \u2013 Von trocken bis lieblich\",\"datePublished\":\"2025-06-11T06:40:10+00:00\",\"dateModified\":\"2025-06-11T06:40:11+00:00\",\"mainEntityOfPage\":{\"@id\":\"https:\\\/\\\/www.banneke.com\\\/blog\\\/spanischer-rotwein-von-trocken-bis-lieblich\\\/\"},\"wordCount\":1172,\"image\":{\"@id\":\"https:\\\/\\\/www.banneke.com\\\/blog\\\/spanischer-rotwein-von-trocken-bis-lieblich\\\/#primaryimage\"},\"thumbnailUrl\":\"https:\\\/\\\/www.banneke.com\\\/blog\\\/wp-content\\\/uploads\\\/2025\\\/06\\\/Banneke_Blog_Spanischer_Rotwein.jpg\",\"keywords\":[\"Banneke\",\"Banneke's Blog\",\"Wein\"],\"articleSection\":[\"Bannekes Blog\",\"Rotwein\",\"Spezialit\u00e4ten\",\"Wein &amp; Sekt\"],\"inLanguage\":\"de\"},{\"@type\":\"WebPage\",\"@id\":\"https:\\\/\\\/www.banneke.com\\\/blog\\\/spanischer-rotwein-von-trocken-bis-lieblich\\\/\",\"url\":\"https:\\\/\\\/www.banneke.com\\\/blog\\\/spanischer-rotwein-von-trocken-bis-lieblich\\\/\",\"name\":\"Spanischer Rotwein \u2013 Von trocken bis lieblich - Banneke\",\"isPartOf\":{\"@id\":\"https:\\\/\\\/www.banneke.com\\\/blog\\\/#website\"},\"primaryImageOfPage\":{\"@id\":\"https:\\\/\\\/www.banneke.com\\\/blog\\\/spanischer-rotwein-von-trocken-bis-lieblich\\\/#primaryimage\"},\"image\":{\"@id\":\"https:\\\/\\\/www.banneke.com\\\/blog\\\/spanischer-rotwein-von-trocken-bis-lieblich\\\/#primaryimage\"},\"thumbnailUrl\":\"https:\\\/\\\/www.banneke.com\\\/blog\\\/wp-content\\\/uploads\\\/2025\\\/06\\\/Banneke_Blog_Spanischer_Rotwein.jpg\",\"datePublished\":\"2025-06-11T06:40:10+00:00\",\"dateModified\":\"2025-06-11T06:40:11+00:00\",\"author\":{\"@id\":\"https:\\\/\\\/www.banneke.com\\\/blog\\\/#\\\/schema\\\/person\\\/d21e76b6a755d4a0f85b713259ca1d09\"},\"description\":\"Entdecke die Vielfalt spanischer Rotweine. Von kr\u00e4ftig trocken bis verf\u00fchrerisch lieblich. Erfahre, was sie auszeichnet und welcher Wein zu deinem Geschmack passt!\",\"breadcrumb\":{\"@id\":\"https:\\\/\\\/www.banneke.com\\\/blog\\\/spanischer-rotwein-von-trocken-bis-lieblich\\\/#breadcrumb\"},\"inLanguage\":\"de\",\"potentialAction\":[{\"@type\":\"ReadAction\",\"target\":[\"https:\\\/\\\/www.banneke.com\\\/blog\\\/spanischer-rotwein-von-trocken-bis-lieblich\\\/\"]}]},{\"@type\":\"ImageObject\",\"inLanguage\":\"de\",\"@id\":\"https:\\\/\\\/www.banneke.com\\\/blog\\\/spanischer-rotwein-von-trocken-bis-lieblich\\\/#primaryimage\",\"url\":\"https:\\\/\\\/www.banneke.com\\\/blog\\\/wp-content\\\/uploads\\\/2025\\\/06\\\/Banneke_Blog_Spanischer_Rotwein.jpg\",\"contentUrl\":\"https:\\\/\\\/www.banneke.com\\\/blog\\\/wp-content\\\/uploads\\\/2025\\\/06\\\/Banneke_Blog_Spanischer_Rotwein.jpg\",\"width\":710,\"height\":473,\"caption\":\"Spanischer Rotwein \u2013 Von trocken bis lieblich\"},{\"@type\":\"BreadcrumbList\",\"@id\":\"https:\\\/\\\/www.banneke.com\\\/blog\\\/spanischer-rotwein-von-trocken-bis-lieblich\\\/#breadcrumb\",\"itemListElement\":[{\"@type\":\"ListItem\",\"position\":1,\"name\":\"Startseite\",\"item\":\"https:\\\/\\\/www.banneke.com\\\/blog\\\/\"},{\"@type\":\"ListItem\",\"position\":2,\"name\":\"Spanischer Rotwein \u2013 Von trocken bis lieblich\"}]},{\"@type\":\"WebSite\",\"@id\":\"https:\\\/\\\/www.banneke.com\\\/blog\\\/#website\",\"url\":\"https:\\\/\\\/www.banneke.com\\\/blog\\\/\",\"name\":\"Banneke\",\"description\":\"Der Spirituosen Blog\",\"potentialAction\":[{\"@type\":\"SearchAction\",\"target\":{\"@type\":\"EntryPoint\",\"urlTemplate\":\"https:\\\/\\\/www.banneke.com\\\/blog\\\/?s={search_term_string}\"},\"query-input\":{\"@type\":\"PropertyValueSpecification\",\"valueRequired\":true,\"valueName\":\"search_term_string\"}}],\"inLanguage\":\"de\"},{\"@type\":\"Person\",\"@id\":\"https:\\\/\\\/www.banneke.com\\\/blog\\\/#\\\/schema\\\/person\\\/d21e76b6a755d4a0f85b713259ca1d09\",\"name\":\"Banneke\",\"image\":{\"@type\":\"ImageObject\",\"inLanguage\":\"de\",\"@id\":\"https:\\\/\\\/secure.gravatar.com\\\/avatar\\\/ee19635278130a918182ad335acb0f3dc0e03c5ab7795dfef5289726d186a119?s=96&d=mm&r=g\",\"url\":\"https:\\\/\\\/secure.gravatar.com\\\/avatar\\\/ee19635278130a918182ad335acb0f3dc0e03c5ab7795dfef5289726d186a119?s=96&d=mm&r=g\",\"contentUrl\":\"https:\\\/\\\/secure.gravatar.com\\\/avatar\\\/ee19635278130a918182ad335acb0f3dc0e03c5ab7795dfef5289726d186a119?s=96&d=mm&r=g\",\"caption\":\"Banneke\"}}]}<\/script>\n<!-- \/ Yoast SEO plugin. -->","yoast_head_json":{"title":"Spanischer Rotwein \u2013 Von trocken bis lieblich - Banneke","description":"Entdecke die Vielfalt spanischer Rotweine. Von kr\u00e4ftig trocken bis verf\u00fchrerisch lieblich. Erfahre, was sie auszeichnet und welcher Wein zu deinem Geschmack passt!","robots":{"index":"index","follow":"follow","max-snippet":"max-snippet:-1","max-image-preview":"max-image-preview:large","max-video-preview":"max-video-preview:-1"},"canonical":"https:\/\/www.banneke.com\/blog\/spanischer-rotwein-von-trocken-bis-lieblich\/","og_locale":"de_DE","og_type":"article","og_title":"Spanischer Rotwein \u2013 Von trocken bis lieblich - Banneke","og_description":"Entdecke die Vielfalt spanischer Rotweine. Von kr\u00e4ftig trocken bis verf\u00fchrerisch lieblich. Erfahre, was sie auszeichnet und welcher Wein zu deinem Geschmack passt!","og_url":"https:\/\/www.banneke.com\/blog\/spanischer-rotwein-von-trocken-bis-lieblich\/","og_site_name":"Banneke","article_published_time":"2025-06-11T06:40:10+00:00","article_modified_time":"2025-06-11T06:40:11+00:00","og_image":[{"width":710,"height":473,"url":"https:\/\/www.banneke.com\/blog\/wp-content\/uploads\/2025\/06\/Banneke_Blog_Spanischer_Rotwein.jpg","type":"image\/jpeg"}],"author":"Banneke","twitter_card":"summary_large_image","twitter_misc":{"Verfasst von":"Banneke","Gesch\u00e4tzte Lesezeit":"8\u00a0Minuten"},"schema":{"@context":"https:\/\/schema.org","@graph":[{"@type":"Article","@id":"https:\/\/www.banneke.com\/blog\/spanischer-rotwein-von-trocken-bis-lieblich\/#article","isPartOf":{"@id":"https:\/\/www.banneke.com\/blog\/spanischer-rotwein-von-trocken-bis-lieblich\/"},"author":{"name":"Banneke","@id":"https:\/\/www.banneke.com\/blog\/#\/schema\/person\/d21e76b6a755d4a0f85b713259ca1d09"},"headline":"Spanischer Rotwein \u2013 Von trocken bis lieblich","datePublished":"2025-06-11T06:40:10+00:00","dateModified":"2025-06-11T06:40:11+00:00","mainEntityOfPage":{"@id":"https:\/\/www.banneke.com\/blog\/spanischer-rotwein-von-trocken-bis-lieblich\/"},"wordCount":1172,"image":{"@id":"https:\/\/www.banneke.com\/blog\/spanischer-rotwein-von-trocken-bis-lieblich\/#primaryimage"},"thumbnailUrl":"https:\/\/www.banneke.com\/blog\/wp-content\/uploads\/2025\/06\/Banneke_Blog_Spanischer_Rotwein.jpg","keywords":["Banneke","Banneke's Blog","Wein"],"articleSection":["Bannekes Blog","Rotwein","Spezialit\u00e4ten","Wein &amp; Sekt"],"inLanguage":"de"},{"@type":"WebPage","@id":"https:\/\/www.banneke.com\/blog\/spanischer-rotwein-von-trocken-bis-lieblich\/","url":"https:\/\/www.banneke.com\/blog\/spanischer-rotwein-von-trocken-bis-lieblich\/","name":"Spanischer Rotwein \u2013 Von trocken bis lieblich - Banneke","isPartOf":{"@id":"https:\/\/www.banneke.com\/blog\/#website"},"primaryImageOfPage":{"@id":"https:\/\/www.banneke.com\/blog\/spanischer-rotwein-von-trocken-bis-lieblich\/#primaryimage"},"image":{"@id":"https:\/\/www.banneke.com\/blog\/spanischer-rotwein-von-trocken-bis-lieblich\/#primaryimage"},"thumbnailUrl":"https:\/\/www.banneke.com\/blog\/wp-content\/uploads\/2025\/06\/Banneke_Blog_Spanischer_Rotwein.jpg","datePublished":"2025-06-11T06:40:10+00:00","dateModified":"2025-06-11T06:40:11+00:00","author":{"@id":"https:\/\/www.banneke.com\/blog\/#\/schema\/person\/d21e76b6a755d4a0f85b713259ca1d09"},"description":"Entdecke die Vielfalt spanischer Rotweine. Von kr\u00e4ftig trocken bis verf\u00fchrerisch lieblich. Erfahre, was sie auszeichnet und welcher Wein zu deinem Geschmack passt!","breadcrumb":{"@id":"https:\/\/www.banneke.com\/blog\/spanischer-rotwein-von-trocken-bis-lieblich\/#breadcrumb"},"inLanguage":"de","potentialAction":[{"@type":"ReadAction","target":["https:\/\/www.banneke.com\/blog\/spanischer-rotwein-von-trocken-bis-lieblich\/"]}]},{"@type":"ImageObject","inLanguage":"de","@id":"https:\/\/www.banneke.com\/blog\/spanischer-rotwein-von-trocken-bis-lieblich\/#primaryimage","url":"https:\/\/www.banneke.com\/blog\/wp-content\/uploads\/2025\/06\/Banneke_Blog_Spanischer_Rotwein.jpg","contentUrl":"https:\/\/www.banneke.com\/blog\/wp-content\/uploads\/2025\/06\/Banneke_Blog_Spanischer_Rotwein.jpg","width":710,"height":473,"caption":"Spanischer Rotwein \u2013 Von trocken bis lieblich"},{"@type":"BreadcrumbList","@id":"https:\/\/www.banneke.com\/blog\/spanischer-rotwein-von-trocken-bis-lieblich\/#breadcrumb","itemListElement":[{"@type":"ListItem","position":1,"name":"Startseite","item":"https:\/\/www.banneke.com\/blog\/"},{"@type":"ListItem","position":2,"name":"Spanischer Rotwein \u2013 Von trocken bis lieblich"}]},{"@type":"WebSite","@id":"https:\/\/www.banneke.com\/blog\/#website","url":"https:\/\/www.banneke.com\/blog\/","name":"Banneke","description":"Der Spirituosen Blog","potentialAction":[{"@type":"SearchAction","target":{"@type":"EntryPoint","urlTemplate":"https:\/\/www.banneke.com\/blog\/?s={search_term_string}"},"query-input":{"@type":"PropertyValueSpecification","valueRequired":true,"valueName":"search_term_string"}}],"inLanguage":"de"},{"@type":"Person","@id":"https:\/\/www.banneke.com\/blog\/#\/schema\/person\/d21e76b6a755d4a0f85b713259ca1d09","name":"Banneke","image":{"@type":"ImageObject","inLanguage":"de","@id":"https:\/\/secure.gravatar.com\/avatar\/ee19635278130a918182ad335acb0f3dc0e03c5ab7795dfef5289726d186a119?s=96&d=mm&r=g","url":"https:\/\/secure.gravatar.com\/avatar\/ee19635278130a918182ad335acb0f3dc0e03c5ab7795dfef5289726d186a119?s=96&d=mm&r=g","contentUrl":"https:\/\/secure.gravatar.com\/avatar\/ee19635278130a918182ad335acb0f3dc0e03c5ab7795dfef5289726d186a119?s=96&d=mm&r=g","caption":"Banneke"}}]}},"_links":{"self":[{"href":"https:\/\/www.banneke.com\/blog\/wp-json\/wp\/v2\/posts\/30693","targetHints":{"allow":["GET"]}}],"collection":[{"href":"https:\/\/www.banneke.com\/blog\/wp-json\/wp\/v2\/posts"}],"about":[{"href":"https:\/\/www.banneke.com\/blog\/wp-json\/wp\/v2\/types\/post"}],"author":[{"embeddable":true,"href":"https:\/\/www.banneke.com\/blog\/wp-json\/wp\/v2\/users\/7"}],"replies":[{"embeddable":true,"href":"https:\/\/www.banneke.com\/blog\/wp-json\/wp\/v2\/comments?post=30693"}],"version-history":[{"count":5,"href":"https:\/\/www.banneke.com\/blog\/wp-json\/wp\/v2\/posts\/30693\/revisions"}],"predecessor-version":[{"id":30708,"href":"https:\/\/www.banneke.com\/blog\/wp-json\/wp\/v2\/posts\/30693\/revisions\/30708"}],"wp:featuredmedia":[{"embeddable":true,"href":"https:\/\/www.banneke.com\/blog\/wp-json\/wp\/v2\/media\/30702"}],"wp:attachment":[{"href":"https:\/\/www.banneke.com\/blog\/wp-json\/wp\/v2\/media?parent=30693"}],"wp:term":[{"taxonomy":"category","embeddable":true,"href":"https:\/\/www.banneke.com\/blog\/wp-json\/wp\/v2\/categories?post=30693"},{"taxonomy":"post_tag","embeddable":true,"href":"https:\/\/www.banneke.com\/blog\/wp-json\/wp\/v2\/tags?post=30693"}],"curies":[{"name":"wp","href":"https:\/\/api.w.org\/{rel}","templated":true}]}}